{"id":1222,"date":"2021-12-15T19:05:22","date_gmt":"2021-12-15T19:05:22","guid":{"rendered":"http:\/\/juan-navarro.es\/?p=1222"},"modified":"2025-01-20T07:32:18","modified_gmt":"2025-01-20T07:32:18","slug":"agenda-2022","status":"publish","type":"post","link":"https:\/\/juan-navarro.es\/index.php\/agenda-2022\/","title":{"rendered":"AGENDA &#8211; 2022"},"content":{"rendered":"\n<div class=\"wp-block-group alignwide has-accent-background-color has-background\"><div class=\"wp-block-group__inner-container is-layout-flow wp-block-group-is-layout-flow\">\n<div class=\"wp-block-columns alignfull is-layout-flex wp-container-core-columns-is-layout-9d6595d7 wp-block-columns-is-layout-flex\">\n<div class=\"wp-block-column is-layout-flow wp-block-column-is-layout-flow\">\n<h4 class=\"has-primary-color has-text-color wp-block-heading\"><a href=\"https:\/\/www.univ-montp3.fr\/fr\/formations\/offre-de-formation\/master-lmd-XB\/arts-lettres-langues-ALL\/master-1-arts-de-la-scene-et-du-spectacle-vivant-IMZZ98YM.html\" target=\"_blank\" rel=\"noreferrer noopener\" aria-label=\"MASTER en artes esc\u00e9nicas. Universite Paul Valery, Montpellier. (se abre en una nueva pesta\u00f1a)\">MASTER en artes esc\u00e9nicas. Universite Paul Valery, Montpellier.<\/a><\/h4>\n\n\n\n<h5 class=\"wp-block-heading\">Del 4 al 14 de enero<\/h5>\n<\/div>\n\n\n\n<div class=\"wp-block-column is-layout-flow wp-block-column-is-layout-flow\">\n<div class=\"wp-block-image\"><figure class=\"aligncenter size-medium\"><a href=\"https:\/\/www.univ-montp3.fr\/fr\/formations\/offre-de-formation\/master-lmd-XB\/arts-lettres-langues-ALL\/master-1-arts-de-la-scene-et-du-spectacle-vivant-IMZZ98YM.html\" target=\"_blank\" rel=\"noreferrer noopener\"><img loading=\"lazy\" decoding=\"async\" width=\"300\" height=\"217\" src=\"https:\/\/juan-navarro.es\/wp-content\/uploads\/LOGO-Paul_Valery_Montpellier-300x217.png\" alt=\"\" class=\"wp-image-1223\" srcset=\"https:\/\/juan-navarro.es\/wp-content\/uploads\/LOGO-Paul_Valery_Montpellier-300x217.png 300w, https:\/\/juan-navarro.es\/wp-content\/uploads\/LOGO-Paul_Valery_Montpellier-768x555.png 768w, https:\/\/juan-navarro.es\/wp-content\/uploads\/LOGO-Paul_Valery_Montpellier-1200x867.png 1200w, https:\/\/juan-navarro.es\/wp-content\/uploads\/LOGO-Paul_Valery_Montpellier.png 1428w\" sizes=\"auto, (max-width: 300px) 100vw, 300px\" \/><\/a><\/figure><\/div>\n<\/div>\n<\/div>\n\n\n\n<hr class=\"wp-block-separator\"\/>\n\n\n\n<div class=\"wp-block-columns alignfull is-layout-flex wp-container-core-columns-is-layout-9d6595d7 wp-block-columns-is-layout-flex\">\n<div class=\"wp-block-column is-layout-flow wp-block-column-is-layout-flow\">\n<h4 class=\"has-primary-color has-text-color wp-block-heading\"><a href=\"https:\/\/www.needcompany.org\/en\/billy-s-violence\" target=\"_blank\" rel=\"noreferrer noopener\" aria-label=\"BILLY'S VIOLENCE. Jan Lawers and Need Company. (se abre en una nueva pesta\u00f1a)\">BILLY&#8217;S VIOLENCE. Jan Lawers and Need Company.<\/a><\/h4>\n\n\n\n<h5 class=\"wp-block-heading\">1 de Febrero &#8211; Martigues<\/h5>\n\n\n\n<h5 class=\"wp-block-heading\">11 de Febrero &#8211; Brugge<\/h5>\n\n\n\n<h5 class=\"wp-block-heading\">13 de Marzo &#8211; Valladolid<\/h5>\n\n\n\n<h5 class=\"wp-block-heading\">18 y 19 de Marzo- Gent<\/h5>\n<\/div>\n\n\n\n<div class=\"wp-block-column is-layout-flow wp-block-column-is-layout-flow\">\n<div class=\"wp-block-image\"><figure class=\"aligncenter size-full is-resized\"><a href=\"https:\/\/www.needcompany.org\/en\/billy-s-violence\" target=\"_blank\" rel=\"noreferrer noopener\"><img loading=\"lazy\" decoding=\"async\" src=\"https:\/\/juan-navarro.es\/wp-content\/uploads\/2020-12-14-JAN_LAWERS-Portada.jpg\" alt=\"\" class=\"wp-image-986\" width=\"300\" height=\"361\"\/><\/a><\/figure><\/div>\n<\/div>\n<\/div>\n\n\n\n<hr class=\"wp-block-separator\"\/>\n\n\n\n<div class=\"wp-block-columns alignfull is-layout-flex wp-container-core-columns-is-layout-9d6595d7 wp-block-columns-is-layout-flex\">\n<div class=\"wp-block-column is-layout-flow wp-block-column-is-layout-flow\">\n<h4 class=\"has-primary-color has-text-color wp-block-heading\"><a href=\"https:\/\/www.teatroscanal.com\/espectaculo\/juan-navarro-gonzalo-cunill\/\" target=\"_blank\" rel=\"noreferrer noopener\" aria-label=\"EN LO ALTO PARA SIEMRE. A partir de textos de David Foster Wallace (se abre en una nueva pesta\u00f1a)\">EN LO ALTO PARA SIEMRE. A partir de textos de David Foster Wallace<\/a><\/h4>\n\n\n\n<h5 class=\"wp-block-heading\">Del 2 al 6 de Marzo. Madrid. Teatros del Canal.<\/h5>\n<\/div>\n\n\n\n<div class=\"wp-block-column is-layout-flow wp-block-column-is-layout-flow\">\n<div class=\"wp-block-image\"><figure class=\"aligncenter size-large\"><a href=\"https:\/\/www.teatroscanal.com\/espectaculo\/juan-navarro-gonzalo-cunill\/\" target=\"_blank\" rel=\"noreferrer noopener\"><img loading=\"lazy\" decoding=\"async\" width=\"1080\" height=\"608\" src=\"https:\/\/juan-navarro.es\/wp-content\/uploads\/JN2021-MOD_12-ELAPS-Teatre_Lliure_01.jpg\" alt=\"\" class=\"wp-image-1129\" srcset=\"https:\/\/juan-navarro.es\/wp-content\/uploads\/JN2021-MOD_12-ELAPS-Teatre_Lliure_01.jpg 1080w, https:\/\/juan-navarro.es\/wp-content\/uploads\/JN2021-MOD_12-ELAPS-Teatre_Lliure_01-300x169.jpg 300w, https:\/\/juan-navarro.es\/wp-content\/uploads\/JN2021-MOD_12-ELAPS-Teatre_Lliure_01-768x432.jpg 768w\" sizes=\"auto, (max-width: 1080px) 100vw, 1080px\" \/><\/a><\/figure><\/div>\n<\/div>\n<\/div>\n\n\n\n<hr class=\"wp-block-separator\"\/>\n\n\n\n<div class=\"wp-block-columns alignfull is-layout-flex wp-container-core-columns-is-layout-9d6595d7 wp-block-columns-is-layout-flex\">\n<div class=\"wp-block-column is-layout-flow wp-block-column-is-layout-flow\">\n<h4 class=\"has-primary-color has-text-color wp-block-heading\"><a href=\"https:\/\/calarts.edu\/\" target=\"_blank\" rel=\"noreferrer noopener\" aria-label=\"\u00caTRE ET JOUER. Proyecto de investigaci\u00f3n esc\u00e9nica. University of Arts California (se abre en una nueva pesta\u00f1a)\">\u00caTRE ET JOUER. Proyecto de investigaci\u00f3n esc\u00e9nica. University of Arts California<\/a><\/h4>\n\n\n\n<h5 class=\"wp-block-heading\">Octubre 2022<\/h5>\n<\/div>\n\n\n\n<div class=\"wp-block-column is-layout-flow wp-block-column-is-layout-flow\">\n<div class=\"wp-block-image\"><figure class=\"aligncenter size-large is-resized\"><a href=\"https:\/\/calarts.edu\/\" target=\"_blank\" rel=\"noreferrer noopener\"><img decoding=\"async\" src=\"https:\/\/juan-navarro.es\/wp-content\/uploads\/LOGO-Calarts.png\" alt=\"\" class=\"wp-image-1226\" width=\"300\" srcset=\"https:\/\/juan-navarro.es\/wp-content\/uploads\/LOGO-Calarts.png 225w, https:\/\/juan-navarro.es\/wp-content\/uploads\/LOGO-Calarts-150x150.png 150w\" sizes=\"(max-width: 225px) 100vw, 225px\" \/><\/a><\/figure><\/div>\n<\/div>\n<\/div>\n<\/div><\/div>\n\n\n\n<p><\/p>\n","protected":false},"excerpt":{"rendered":"<p>MASTER en artes esc\u00e9nicas. Universite Paul Valery, Montpellier. Del 4 al 14 de enero BILLY&#8217;S VIOLENCE. Jan Lawers and Need Company. 1 de Febrero &#8211; Martigues 11 de Febrero &#8211; Brugge 13 de Marzo &#8211; Valladolid 18 y 19 de Marzo- Gent EN LO ALTO PARA SIEMRE. A partir de textos de David Foster Wallace [&hellip;]<\/p>\n","protected":false},"author":1,"featured_media":0,"comment_status":"closed","ping_status":"closed","sticky":false,"template":"","format":"standard","meta":{"footnotes":""},"categories":[1],"tags":[],"class_list":["post-1222","post","type-post","status-publish","format-standard","hentry","category-sin-categoria"],"_links":{"self":[{"href":"https:\/\/juan-navarro.es\/index.php\/wp-json\/wp\/v2\/posts\/1222","targetHints":{"allow":["GET"]}}],"collection":[{"href":"https:\/\/juan-navarro.es\/index.php\/wp-json\/wp\/v2\/posts"}],"about":[{"href":"https:\/\/juan-navarro.es\/index.php\/wp-json\/wp\/v2\/types\/post"}],"author":[{"embeddable":true,"href":"https:\/\/juan-navarro.es\/index.php\/wp-json\/wp\/v2\/users\/1"}],"replies":[{"embeddable":true,"href":"https:\/\/juan-navarro.es\/index.php\/wp-json\/wp\/v2\/comments?post=1222"}],"version-history":[{"count":5,"href":"https:\/\/juan-navarro.es\/index.php\/wp-json\/wp\/v2\/posts\/1222\/revisions"}],"predecessor-version":[{"id":1288,"href":"https:\/\/juan-navarro.es\/index.php\/wp-json\/wp\/v2\/posts\/1222\/revisions\/1288"}],"wp:attachment":[{"href":"https:\/\/juan-navarro.es\/index.php\/wp-json\/wp\/v2\/media?parent=1222"}],"wp:term":[{"taxonomy":"category","embeddable":true,"href":"https:\/\/juan-navarro.es\/index.php\/wp-json\/wp\/v2\/categories?post=1222"},{"taxonomy":"post_tag","embeddable":true,"href":"https:\/\/juan-navarro.es\/index.php\/wp-json\/wp\/v2\/tags?post=1222"}],"curies":[{"name":"wp","href":"https:\/\/api.w.org\/{rel}","templated":true}]}}