{"id":906,"date":"2020-07-23T16:43:25","date_gmt":"2020-07-23T16:43:25","guid":{"rendered":"http:\/\/juan-navarro.es\/?p=906"},"modified":"2020-12-16T10:39:46","modified_gmt":"2020-12-16T10:39:46","slug":"recuperamos-la-historia-de-ronald-el-payaso-de-mc-donalds-con-motivo-de-la-vuelta-al-festival-citemor-en-montemor-o-velho","status":"publish","type":"post","link":"https:\/\/juan-navarro.es\/index.php\/recuperamos-la-historia-de-ronald-el-payaso-de-mc-donalds-con-motivo-de-la-vuelta-al-festival-citemor-en-montemor-o-velho\/","title":{"rendered":"Recuperamos LA HISTORIA DE RONALD, EL PAYASO DE MC DONALDS con motivo de la vuelta al Festival CITEMOR, en Montemor-o-Velho, Julio 2020"},"content":{"rendered":"\n<div class=\"wp-block-group alignwide has-background-background-color has-background\"><div class=\"wp-block-group__inner-container is-layout-flow wp-block-group-is-layout-flow\">\n<div class=\"wp-block-columns alignwide is-layout-flex wp-container-core-columns-is-layout-9d6595d7 wp-block-columns-is-layout-flex\">\n<div class=\"wp-block-column is-layout-flow wp-block-column-is-layout-flow\" style=\"flex-basis:66%\">\n<iframe loading=\"lazy\" src=\"https:\/\/player.vimeo.com\/video\/439702448\" width=\"640\" height=\"360\" frameborder=\"0\" allow=\"autoplay; fullscreen\" allowfullscreen=\"\"><\/iframe>\n<\/div>\n\n\n\n<div class=\"wp-block-column is-layout-flow wp-block-column-is-layout-flow\" style=\"flex-basis:34%\">\n<p class=\"has-text-color has-primary-color\"><a rel=\"noreferrer noopener\" aria-label=\"LA HISTORIA DE RONALD, EL PAYASO DE MC DONALDS (se abre en una nueva pesta\u00f1a)\" href=\"https:\/\/juan-navarro.es\/index.php\/souvenirs-esceniques\/#ROMAC\" target=\"_blank\">LA HISTORIA DE RONALD, EL PAYASO DE MC DONALDS<\/a> se estren\u00f3 en 2002 en el Festival CITEMOR, y cont\u00f3 con la presencia de la Banda Municipal de Montemor-o-Velho. Fue el inicio de un largo periodo girando alrededor del mundo.<\/p>\n\n\n\n<p class=\"has-text-color has-primary-color\">Os dejamos el v\u00eddeo \u00edntegro de la obra de Rodrigo Garc\u00eda con la interpretaci\u00f3n de  Rub\u00e9n Ametll\u00e9, Juan Loriente y Juan Navarro.<\/p>\n<\/div>\n<\/div>\n<\/div><\/div>\n\n\n\n<div class=\"wp-block-group alignwide\"><div class=\"wp-block-group__inner-container is-layout-flow wp-block-group-is-layout-flow\">\n<div class=\"wp-block-columns alignfull is-layout-flex wp-container-core-columns-is-layout-9d6595d7 wp-block-columns-is-layout-flex\">\n<div class=\"wp-block-column is-layout-flow wp-block-column-is-layout-flow\" style=\"flex-basis:66%\">\n<figure class=\"wp-block-image size-large\"><a href=\"http:\/\/www.citemor.com\/\" target=\"_blank\" rel=\"noreferrer noopener\"><img loading=\"lazy\" decoding=\"async\" width=\"1257\" height=\"1905\" src=\"https:\/\/juan-navarro.es\/wp-content\/uploads\/2020-07-23-CITEMOR.jpg\" alt=\"\" class=\"wp-image-910\" srcset=\"https:\/\/juan-navarro.es\/wp-content\/uploads\/2020-07-23-CITEMOR.jpg 1257w, https:\/\/juan-navarro.es\/wp-content\/uploads\/2020-07-23-CITEMOR-198x300.jpg 198w, https:\/\/juan-navarro.es\/wp-content\/uploads\/2020-07-23-CITEMOR-768x1164.jpg 768w, https:\/\/juan-navarro.es\/wp-content\/uploads\/2020-07-23-CITEMOR-1014x1536.jpg 1014w, https:\/\/juan-navarro.es\/wp-content\/uploads\/2020-07-23-CITEMOR-1200x1819.jpg 1200w\" sizes=\"auto, (max-width: 1257px) 100vw, 1257px\" \/><\/a><\/figure>\n<\/div>\n\n\n\n<div class=\"wp-block-column is-layout-flow wp-block-column-is-layout-flow\" style=\"flex-basis:34%\">\n<div style=\"height:30px\" aria-hidden=\"true\" class=\"wp-block-spacer\"><\/div>\n\n\n\n<p>Ya est\u00e1 disponible la programaci\u00f3n del Festival CITEMOR, donde estaremos el pr\u00f3ximo s\u00e1bado 25 de julio junto a \u00d3scar Cornago presentando <a rel=\"noreferrer noopener\" aria-label=\"SE ALQUILA. ARCHIVO VIVO DEL ACTOR. (se abre en una nueva pesta\u00f1a)\" href=\"https:\/\/juan-navarro.es\/index.php\/creacion\/#ALQUILA\" target=\"_blank\">SE ALQUILA. ARCHIVO VIVO DEL ACTOR.<\/a><\/p>\n\n\n\n<p><a rel=\"noreferrer noopener\" aria-label=\"FICHA COMPLETA (se abre en una nueva pesta\u00f1a)\" href=\"http:\/\/www.citemor.com\/citemor-2020\/oscar-cornago-juan-navarro\" target=\"_blank\">ENTRADA<\/a><a href=\"http:\/\/www.citemor.com\/citemor-2020\/oscar-cornago-juan-navarro\" target=\"_blank\" rel=\"noreferrer noopener\" aria-label=\"FICHA COMPLETA (se abre en una nueva pesta\u00f1a)\">S<\/a><\/p>\n\n\n\n<p><\/p>\n<\/div>\n<\/div>\n<\/div><\/div>\n\n\n\n<p><\/p>\n","protected":false},"excerpt":{"rendered":"<p>LA HISTORIA DE RONALD, EL PAYASO DE MC DONALDS se estren\u00f3 en 2002 en el Festival CITEMOR, y cont\u00f3 con la presencia de la Banda Municipal de Montemor-o-Velho. Fue el inicio de un largo periodo girando alrededor del mundo. Os dejamos el v\u00eddeo \u00edntegro de la obra de Rodrigo Garc\u00eda con la interpretaci\u00f3n de Rub\u00e9n [&hellip;]<\/p>\n","protected":false},"author":1,"featured_media":0,"comment_status":"closed","ping_status":"closed","sticky":false,"template":"","format":"standard","meta":{"footnotes":""},"categories":[1],"tags":[],"class_list":["post-906","post","type-post","status-publish","format-standard","hentry","category-sin-categoria"],"_links":{"self":[{"href":"https:\/\/juan-navarro.es\/index.php\/wp-json\/wp\/v2\/posts\/906","targetHints":{"allow":["GET"]}}],"collection":[{"href":"https:\/\/juan-navarro.es\/index.php\/wp-json\/wp\/v2\/posts"}],"about":[{"href":"https:\/\/juan-navarro.es\/index.php\/wp-json\/wp\/v2\/types\/post"}],"author":[{"embeddable":true,"href":"https:\/\/juan-navarro.es\/index.php\/wp-json\/wp\/v2\/users\/1"}],"replies":[{"embeddable":true,"href":"https:\/\/juan-navarro.es\/index.php\/wp-json\/wp\/v2\/comments?post=906"}],"version-history":[{"count":16,"href":"https:\/\/juan-navarro.es\/index.php\/wp-json\/wp\/v2\/posts\/906\/revisions"}],"predecessor-version":[{"id":1036,"href":"https:\/\/juan-navarro.es\/index.php\/wp-json\/wp\/v2\/posts\/906\/revisions\/1036"}],"wp:attachment":[{"href":"https:\/\/juan-navarro.es\/index.php\/wp-json\/wp\/v2\/media?parent=906"}],"wp:term":[{"taxonomy":"category","embeddable":true,"href":"https:\/\/juan-navarro.es\/index.php\/wp-json\/wp\/v2\/categories?post=906"},{"taxonomy":"post_tag","embeddable":true,"href":"https:\/\/juan-navarro.es\/index.php\/wp-json\/wp\/v2\/tags?post=906"}],"curies":[{"name":"wp","href":"https:\/\/api.w.org\/{rel}","templated":true}]}}